{"id":4044,"__str__":"Indica\u00e7\u00e3o n\u00ba 64 de 2016","link_detail_backend":"/materia/4044","metadata":{},"numero":64,"ano":2016,"numero_protocolo":null,"data_apresentacao":"2016-05-13","tipo_apresentacao":"E","data_publicacao":null,"numero_origem_externa":"64","ano_origem_externa":2016,"data_origem_externa":null,"apelido":"","dias_prazo":null,"data_fim_prazo":null,"em_tramitacao":false,"polemica":false,"objeto":"","complementar":false,"ementa":"REGULARIZA\u00c7\u00c3O DO LOTEAMENTO DA VILA GRACIL\u00c2NDIA E A DOA\u00c7\u00c3O DOS TERRENOS AOS MORADORES QUE EST\u00c3O NA POSSE DO IM\u00d3VEL.\r\n","indexacao":"REGULARIZA\u00c7\u00c3O DO LOTEAMENTO DA VILA GRACIL\u00c2NDIA E A DOA\u00c7\u00c3O DOS TERRENOS AOS MORADORES QUE EST\u00c3O NA POSSE DO IM\u00d3VEL.\r\n","observacao":"","resultado":"","texto_original":"http://sapl.carneirinho.mg.leg.br/media/sapl/public/materialegislativa/2016/4044/4044_texto_integral.xml","data_ultima_atualizacao":"2019-09-11T14:01:13.099773-03:00","ip":"","ultima_edicao":null,"tipo":8,"regime_tramitacao":1,"tipo_origem_externa":8,"local_origem_externa":null,"user":null,"anexadas":[],"autores":[3]}