{"id":4009,"__str__":"Indica\u00e7\u00e3o n\u00ba 43 de 2016","link_detail_backend":"/materia/4009","metadata":{},"numero":43,"ano":2016,"numero_protocolo":null,"data_apresentacao":"2016-04-04","tipo_apresentacao":"E","data_publicacao":null,"numero_origem_externa":"43","ano_origem_externa":2016,"data_origem_externa":null,"apelido":"","dias_prazo":null,"data_fim_prazo":null,"em_tramitacao":false,"polemica":false,"objeto":"","complementar":false,"ementa":"FA\u00c7A A MANUTEN\u00c7\u00c3O OU A AQUISI\u00c7\u00c3O DE UM TRATOR COM IMPLEMENTOS AGR\u00cdCOLAS PARA A ASSOCIA\u00c7\u00c3O DO ANGICO NO DISTRITO DE F\u00c1TIMA DO PONTAL.\r\n","indexacao":"FA\u00c7A A MANUTEN\u00c7\u00c3O OU A AQUISI\u00c7\u00c3O DE UM TRATOR COM IMPLEMENTOS AGR\u00cdCOLAS PARA A ASSOCIA\u00c7\u00c3O DO ANGICO NO DISTRITO DE F\u00c1TIMA DO PONTAL.\r\n","observacao":"","resultado":"","texto_original":"http://sapl.carneirinho.mg.leg.br/media/sapl/public/materialegislativa/2016/4009/4009_texto_integral.xml","data_ultima_atualizacao":"2019-09-11T14:01:10.959370-03:00","ip":"","ultima_edicao":null,"tipo":8,"regime_tramitacao":1,"tipo_origem_externa":8,"local_origem_externa":null,"user":null,"anexadas":[],"autores":[6]}