{"id":3994,"__str__":"Indica\u00e7\u00e3o n\u00ba 29 de 2016","link_detail_backend":"/materia/3994","metadata":{},"numero":29,"ano":2016,"numero_protocolo":null,"data_apresentacao":"2016-03-21","tipo_apresentacao":"E","data_publicacao":null,"numero_origem_externa":"29","ano_origem_externa":2016,"data_origem_externa":null,"apelido":"","dias_prazo":null,"data_fim_prazo":null,"em_tramitacao":false,"polemica":false,"objeto":"","complementar":false,"ementa":"REFORMAS DA ESCOLA MUNICIPAL OLEG\u00c1RIO FRANCISCO DE QUEIROZ E DO GIN\u00c1SIO POLIESPORTIVO JOS\u00c9 TIAGO DE ALVARENGA, AMBAS AS OBRAS NO DISTRITO DE S\u00c3O SEBASTI\u00c3O DO PONTAL, SEJA COM RECURSO PR\u00d3PRIO OU VIABILIZAR JUNTO AOS MINIST\u00c9RIOS DA EDUCA\u00c7\u00c3O E DO ESPORTE.\r\n","indexacao":"REFORMAS DA ESCOLA MUNICIPAL OLEG\u00c1RIO FRANCISCO DE QUEIROZ E DO GIN\u00c1SIO POLIESPORTIVO JOS\u00c9 TIAGO DE ALVARENGA, AMBAS AS OBRAS NO DISTRITO DE S\u00c3O SEBASTI\u00c3O DO PONTAL, SEJA COM RECURSO PR\u00d3PRIO OU VIABILIZAR JUNTO AOS MINIST\u00c9RIOS DA EDUCA\u00c7\u00c3O E DO ESPORTE.\r\n","observacao":"","resultado":"","texto_original":"http://sapl.carneirinho.mg.leg.br/media/sapl/public/materialegislativa/2016/3994/3994_texto_integral.xml","data_ultima_atualizacao":"2019-09-11T14:01:09.370375-03:00","ip":"","ultima_edicao":null,"tipo":8,"regime_tramitacao":1,"tipo_origem_externa":8,"local_origem_externa":null,"user":null,"anexadas":[],"autores":[3]}