{"id":3969,"__str__":"Indica\u00e7\u00e3o n\u00ba 16 de 2016","link_detail_backend":"/materia/3969","metadata":{},"numero":16,"ano":2016,"numero_protocolo":null,"data_apresentacao":"2016-02-15","tipo_apresentacao":"E","data_publicacao":null,"numero_origem_externa":"16","ano_origem_externa":2016,"data_origem_externa":null,"apelido":"","dias_prazo":null,"data_fim_prazo":null,"em_tramitacao":true,"polemica":false,"objeto":"","complementar":false,"ementa":"CONSTRU\u00c7\u00c3O DE PISTA DE CAMINHADA NA AVENIDA AMBRAULINO LEANDRO BARBOSA DANDO A VOLTA PELA MGT 497 AT\u00c9 O TREVO VIRANDO NO ACESSO A RODOVIA AT\u00c9 A RUA DR. ULISSES GUIMAR\u00c3ES.","indexacao":"CONSTRU\u00c7\u00c3O DE PISTA DE CAMINHADA NA AVENIDA AMBRAULINO LEANDRO BARBOSA DANDO A VOLTA PELA MGT 497 AT\u00c9 O TREVO VIRANDO NO ACESSO A RODOVIA AT\u00c9 A RUA DR. ULISSES GUIMAR\u00c3ES.","observacao":"","resultado":"","texto_original":"http://sapl.carneirinho.mg.leg.br/media/sapl/public/materialegislativa/2016/3969/3969_texto_integral.xml","data_ultima_atualizacao":"2019-09-11T14:01:11.807455-03:00","ip":"","ultima_edicao":null,"tipo":8,"regime_tramitacao":1,"tipo_origem_externa":8,"local_origem_externa":null,"user":null,"anexadas":[],"autores":[7]}