{"id":3754,"__str__":"Indica\u00e7\u00e3o n\u00ba 40 de 2015","link_detail_backend":"/materia/3754","metadata":{},"numero":40,"ano":2015,"numero_protocolo":null,"data_apresentacao":"2015-03-31","tipo_apresentacao":"E","data_publicacao":null,"numero_origem_externa":"40","ano_origem_externa":2015,"data_origem_externa":null,"apelido":"","dias_prazo":null,"data_fim_prazo":null,"em_tramitacao":false,"polemica":false,"objeto":"","complementar":false,"ementa":"A REALIZA\u00c7\u00c3O DE EXAME DE ELECTRENCEFALOGRAMA EM PACIENTE, NO AMBULAT\u00d3RIO VICENTE SEVERINO DE SOCORRO, NA SEDE DO MUNIC\u00cdPIO DE CARNEIRINHO. ","indexacao":"A REALIZA\u00c7\u00c3O DE EXAME DE ELECTRENCEFALOGRAMA EM PACIENTE, NO AMBULAT\u00d3RIO VICENTE SEVERINO DE SOCORRO, NA SEDE DO MUNIC\u00cdPIO DE CARNEIRINHO. ","observacao":"","resultado":"","texto_original":"http://sapl.carneirinho.mg.leg.br/media/sapl/public/materialegislativa/2015/3754/3754_texto_integral.xml","data_ultima_atualizacao":"2019-09-11T14:01:14.339748-03:00","ip":"","ultima_edicao":null,"tipo":8,"regime_tramitacao":1,"tipo_origem_externa":8,"local_origem_externa":null,"user":null,"anexadas":[],"autores":[63]}