{"id":3753,"__str__":"Indica\u00e7\u00e3o n\u00ba 39 de 2015","link_detail_backend":"/materia/3753","metadata":{},"numero":39,"ano":2015,"numero_protocolo":null,"data_apresentacao":"2015-03-31","tipo_apresentacao":"E","data_publicacao":null,"numero_origem_externa":"39","ano_origem_externa":2015,"data_origem_externa":null,"apelido":"","dias_prazo":null,"data_fim_prazo":null,"em_tramitacao":false,"polemica":false,"objeto":"","complementar":false,"ementa":"A CONSTRU\u00c7\u00c3O DE PISTA DE CAMINHADA NA AVENIDA AMBRAULINO LEANDRO BARBOSA DANDO A VOLTA PELA MGT 497 AT\u00c9 TREVO VIRANDO NO ACESSO A RODOVIA AT\u00c9 A RUA DR. ULISSES GUIMAR\u00c3ES.","indexacao":"CONSTRU\u00c7\u00c3O DE PISTA DE CAMINHADA NA AVENIDA AMBRAULINO LEANDRO BARBOSA DANDO A VOLTA PELA MGT 497 AT\u00c9 TREVO VIRANDO NO ACESSO A RODOVIA AT\u00c9 A RUA DR. ULISSES GUIMAR\u00c3ES.","observacao":"","resultado":"","texto_original":"http://sapl.carneirinho.mg.leg.br/media/sapl/public/materialegislativa/2015/3753/3753_texto_integral.xml","data_ultima_atualizacao":"2019-09-11T14:01:14.597982-03:00","ip":"","ultima_edicao":null,"tipo":8,"regime_tramitacao":1,"tipo_origem_externa":8,"local_origem_externa":null,"user":null,"anexadas":[],"autores":[40]}