{"id":361,"__str__":"Indica\u00e7\u00e3o n\u00ba 27 de 2006","link_detail_backend":"/materia/361","metadata":{},"numero":27,"ano":2006,"numero_protocolo":null,"data_apresentacao":"2006-02-24","tipo_apresentacao":"E","data_publicacao":null,"numero_origem_externa":"","ano_origem_externa":null,"data_origem_externa":null,"apelido":"","dias_prazo":null,"data_fim_prazo":null,"em_tramitacao":true,"polemica":false,"objeto":"","complementar":false,"ementa":"REITERAR OS TERMOS DA INDICA\u00c7\u00c3O N\u00ba 74/05, DATADA DE 29 DE MAR\u00c7O DE 2005, DE AUTORIA DOS VEREADORES JOAQUIM MADALENA SEVERINO DE ALMEIDA, ARS\u00caNIO LOUREN\u00c7O E JOS\u00c9 DE SOUZA SILVA QUE SOLICITOU AO SENHOR PREFEITO MUNICIPAL, A IMPLANTA\u00c7\u00c3O DO HORTO FLORESTAL NO MUNIC\u00cdPIO DE CARNEIRINHO.","indexacao":"REITERAR OS TERMOS DA INDICA\u00c7\u00c3O N\u00ba 74/05, DATADA DE 29 DE MAR\u00c7O DE 2005, DE AUTORIA DOS VEREADORES JOAQUIM MADALENA SEVERINO DE ALMEIDA, ARS\u00caNIO LOUREN\u00c7O E JOS\u00c9 DE SOUZA SILVA QUE SOLICITOU AO SENHOR PREFEITO MUNICIPAL, A IMPLANTA\u00c7\u00c3O DO HORTO FLORESTAL NO MUNIC\u00cdPIO DE CARNEIRINHO.","observacao":"","resultado":"","texto_original":"http://sapl.carneirinho.mg.leg.br/media/sapl/public/materialegislativa/2006/361/361_texto_integral.doc","data_ultima_atualizacao":"2019-09-11T14:01:14.794146-03:00","ip":"","ultima_edicao":null,"tipo":8,"regime_tramitacao":1,"tipo_origem_externa":null,"local_origem_externa":null,"user":null,"anexadas":[],"autores":[2,7,11]}