{"id":360,"__str__":"Indica\u00e7\u00e3o n\u00ba 26 de 2006","link_detail_backend":"/materia/360","metadata":{},"numero":26,"ano":2006,"numero_protocolo":null,"data_apresentacao":"2006-02-24","tipo_apresentacao":"E","data_publicacao":null,"numero_origem_externa":"","ano_origem_externa":null,"data_origem_externa":null,"apelido":"","dias_prazo":null,"data_fim_prazo":null,"em_tramitacao":true,"polemica":false,"objeto":"","complementar":false,"ementa":"REITERAR OS TERMOS DA INDICA\u00c7\u00c3O N\u00ba 10/2005, DATADA DE 21 DE JANEIRO DE 2005, DE MINHA AUTORIA QUE SOLICITOU AO SENHOR PREFEITO MUNICIPAL,  A CRIA\u00c7\u00c3O DE HORTAS COMUNIT\u00c1RIAS NO MUNIC\u00cdPIO DE CARNEIRINHO.","indexacao":"REITERAR OS TERMOS DA INDICA\u00c7\u00c3O N\u00ba 10/2005, DATADA DE 21 DE JANEIRO DE 2005, DE MINHA AUTORIA QUE SOLICITOU AO SENHOR PREFEITO MUNICIPAL,  A CRIA\u00c7\u00c3O DE HORTAS COMUNIT\u00c1RIAS NO MUNIC\u00cdPIO DE CARNEIRINHO.","observacao":"","resultado":"","texto_original":"http://sapl.carneirinho.mg.leg.br/media/sapl/public/materialegislativa/2006/360/360_texto_integral.doc","data_ultima_atualizacao":"2019-09-11T14:01:09.179245-03:00","ip":"","ultima_edicao":null,"tipo":8,"regime_tramitacao":1,"tipo_origem_externa":null,"local_origem_externa":null,"user":null,"anexadas":[],"autores":[11]}