{"id":3586,"__str__":"Indica\u00e7\u00e3o n\u00ba 166 de 2014","link_detail_backend":"/materia/3586","metadata":{},"numero":166,"ano":2014,"numero_protocolo":null,"data_apresentacao":"2014-09-15","tipo_apresentacao":"","data_publicacao":null,"numero_origem_externa":"166","ano_origem_externa":2014,"data_origem_externa":null,"apelido":"","dias_prazo":null,"data_fim_prazo":null,"em_tramitacao":false,"polemica":false,"objeto":"","complementar":false,"ementa":"A AQUISI\u00c7\u00c3O DE APARELHOS DE ARES CONDICIONADOS PARA AS SALAS DE AULA DAS ESCOLAS MUNICIPAIS, ESTADUAIS, CEMEI E CRECHES DO MUNIC\u00cdPIO DE CARNEIRINHO.","indexacao":"AQUISI\u00c7\u00c3O DE APARELHOS DE ARES CONDICIONADOS PARA AS SALAS DE AULA DAS ESCOLAS MUNICIPAIS, ESTADUAIS, CEMEI E CRECHES DO MUNIC\u00cdPIO DE CARNEIRINHO.","observacao":"","resultado":"","texto_original":"http://sapl.carneirinho.mg.leg.br/media/sapl/public/materialegislativa/2014/3586/3586_texto_integral.xml","data_ultima_atualizacao":"2019-09-11T14:01:09.385733-03:00","ip":"","ultima_edicao":null,"tipo":8,"regime_tramitacao":1,"tipo_origem_externa":8,"local_origem_externa":null,"user":null,"anexadas":[],"autores":[28]}