{"id":3416,"__str__":"Projeto de Lei Ordin\u00e1ria n\u00ba 19 de 2014","link_detail_backend":"/materia/3416","metadata":{},"numero":19,"ano":2014,"numero_protocolo":null,"data_apresentacao":"2014-03-25","tipo_apresentacao":"E","data_publicacao":null,"numero_origem_externa":"019","ano_origem_externa":2014,"data_origem_externa":null,"apelido":"","dias_prazo":null,"data_fim_prazo":null,"em_tramitacao":true,"polemica":false,"objeto":"","complementar":false,"ementa":"DISP\u00d5E SOBRE A CRIA\u00c7\u00c3O DE CARGOS E RESPECTIVAS VAGAS NO QUADRO DE PREENCHIMENTO PERMANENTE DA PREFEITURA MUNICIPAL DE CARNEIRINHO E A DA OUTRAS PROVID\u00caNCIAS. ","indexacao":"CRIA\u00c7\u00c3O DE CARGOS E RESPECTIVAS VAGAS NO QUADRO DE PREENCHIMENTO PERMANENTE DA PREFEITURA MUNICIPAL DE CARNEIRINHO.","observacao":"","resultado":"","texto_original":"http://sapl.carneirinho.mg.leg.br/media/sapl/public/materialegislativa/2014/3416/3416_texto_integral.doc","data_ultima_atualizacao":"2019-09-11T14:01:12.164524-03:00","ip":"","ultima_edicao":null,"tipo":1,"regime_tramitacao":1,"tipo_origem_externa":1,"local_origem_externa":1,"user":null,"anexadas":[],"autores":[21]}