{"id":3334,"__str__":"Indica\u00e7\u00e3o n\u00ba 9 de 2014","link_detail_backend":"/materia/3334","metadata":{},"numero":9,"ano":2014,"numero_protocolo":null,"data_apresentacao":"2014-02-03","tipo_apresentacao":"E","data_publicacao":null,"numero_origem_externa":"09","ano_origem_externa":2014,"data_origem_externa":null,"apelido":"","dias_prazo":null,"data_fim_prazo":null,"em_tramitacao":false,"polemica":false,"objeto":"","complementar":false,"ementa":"O VEREADOR QUE ESTA SUBSCREVE, OUVIDO O PLEN\u00c1RIO, APRESENTA A VOSSA EXCEL\u00caNCIA A PRESENTE INDICA\u00c7\u00c3O NO SENTIDO DE SOLICITAR AO SENHOR PREFEITO MUNICIPAL DE CARNEIRINHO O CASCALHAMENTO DAS ESTRADAS DAS REGI\u00d5ES DA VILA APARECIDA DO PARANAIBA, \u00c1GUA AMARELA, BARRO PRETO E CASCALHAMENTO DO C\u00d3RREGO DA GRAMA.","indexacao":"DOA\u00c7\u00c3O DE CASAS OU TERRENOS AS FAM\u00cdLIAS CARENTES","observacao":"","resultado":"","texto_original":"http://sapl.carneirinho.mg.leg.br/media/sapl/public/materialegislativa/2014/3334/3334_texto_integral.xml","data_ultima_atualizacao":"2019-09-11T14:01:09.499262-03:00","ip":"","ultima_edicao":null,"tipo":8,"regime_tramitacao":1,"tipo_origem_externa":8,"local_origem_externa":null,"user":null,"anexadas":[],"autores":[64]}