{"id":3282,"__str__":"Requerimento n\u00ba 78 de 2013","link_detail_backend":"/materia/3282","metadata":{},"numero":78,"ano":2013,"numero_protocolo":null,"data_apresentacao":"2013-11-18","tipo_apresentacao":"","data_publicacao":null,"numero_origem_externa":"","ano_origem_externa":null,"data_origem_externa":null,"apelido":"","dias_prazo":null,"data_fim_prazo":null,"em_tramitacao":false,"polemica":false,"objeto":"","complementar":false,"ementa":"O VEREADOR QUE ESTE SUBSCREVE, OUVIDO O PLEN\u00c1RIO, REQUER QUE SEJA FEITO UM MINUTO DE SIL\u00caNCIO NA 19\u00aa. (D\u00c9CIMA NONA) REUNI\u00c3O ORDIN\u00c1RIA DA C\u00c2MARA MUNICIPAL DE CARNEIRINHO, QUE SER\u00c1 REALIZADA NESTA DATA, PELO FALECIMENTO DO SR CARLOS ROBERTO DAMI\u00c3O, OCORRIDO DIA 08 / 11 / 2013 , EM BARRETOS SP.","indexacao":"REQUERIMENTO, MINUTO, SIL\u00caNCIO, CARLOS, ROBERTO, DAMI\u00c3O, FALECIMENTO","observacao":"","resultado":"","texto_original":"http://sapl.carneirinho.mg.leg.br/media/sapl/public/materialegislativa/2013/3282/3282_texto_integral.xml","data_ultima_atualizacao":"2019-09-11T14:01:12.583216-03:00","ip":"","ultima_edicao":null,"tipo":3,"regime_tramitacao":1,"tipo_origem_externa":null,"local_origem_externa":null,"user":null,"anexadas":[],"autores":[6,62,28,40,7,64,65,3,63]}