{"id":3211,"__str__":"Indica\u00e7\u00e3o n\u00ba 201 de 2013","link_detail_backend":"/materia/3211","metadata":{},"numero":201,"ano":2013,"numero_protocolo":null,"data_apresentacao":"2013-09-16","tipo_apresentacao":"E","data_publicacao":null,"numero_origem_externa":"201","ano_origem_externa":2013,"data_origem_externa":null,"apelido":"","dias_prazo":null,"data_fim_prazo":null,"em_tramitacao":false,"polemica":false,"objeto":"","complementar":false,"ementa":"A CONSTRU\u00c7\u00c3O DE SARJET\u00c3O NA RUA FRANCISCO TIAGO DA SILVA ESQUINA COM AS AVENIDAS HON\u00d3RIO GON\u00c7ALVES DA MAIA E VICENTE TOLEDO MACHADO E NA RUA LAURA DOS SANTOS SOUZA E DEMAIS RUAS E AVENIDAS QUE FOREM NECESS\u00c1RIOS.","indexacao":"CONSTRU\u00c7\u00c3O, SARJET\u00c3O NA RUA FRANCISCO TIAGO DA SILVA ESQUINA COM AS AVENIDAS HON\u00d3RIO GON\u00c7ALVES DA MAIA E VICENTE TOLEDO MACHADO E NA RUA LAURA DOS SANTOS SOUZA E DEMAIS RUAS E AVENIDAS QUE FOREM NECESS\u00c1RIOS.","observacao":"","resultado":"","texto_original":"http://sapl.carneirinho.mg.leg.br/media/sapl/public/materialegislativa/2013/3211/3211_texto_integral.xml","data_ultima_atualizacao":"2019-09-11T14:01:13.739361-03:00","ip":"","ultima_edicao":null,"tipo":8,"regime_tramitacao":1,"tipo_origem_externa":8,"local_origem_externa":null,"user":null,"anexadas":[],"autores":[40]}