{"id":3134,"__str__":"Indica\u00e7\u00e3o n\u00ba 148 de 2013","link_detail_backend":"/materia/3134","metadata":{},"numero":148,"ano":2013,"numero_protocolo":null,"data_apresentacao":"2013-06-17","tipo_apresentacao":"E","data_publicacao":null,"numero_origem_externa":"148","ano_origem_externa":2013,"data_origem_externa":null,"apelido":"","dias_prazo":null,"data_fim_prazo":null,"em_tramitacao":false,"polemica":false,"objeto":"","complementar":false,"ementa":"A ILUMINA\u00c7\u00c3O DO EST\u00c1DIO SEBASTI\u00c3O FEL\u00cdCIO, NO DISTRITO DE S\u00c3O SEBASTI\u00c3O DO PONTAL.","indexacao":"A ILUMINA\u00c7\u00c3O DO EST\u00c1DIO SEBASTI\u00c3O FEL\u00cdCIO, NO DISTRITO DE S\u00c3O SEBASTI\u00c3O DO PONTAL.","observacao":"","resultado":"","texto_original":"http://sapl.carneirinho.mg.leg.br/media/sapl/public/materialegislativa/2013/3134/3134_texto_integral.xml","data_ultima_atualizacao":"2019-09-11T14:01:11.921494-03:00","ip":"","ultima_edicao":null,"tipo":8,"regime_tramitacao":1,"tipo_origem_externa":8,"local_origem_externa":null,"user":null,"anexadas":[],"autores":[28]}