{"id":3124,"__str__":"Indica\u00e7\u00e3o n\u00ba 155 de 2013","link_detail_backend":"/materia/3124","metadata":{},"numero":155,"ano":2013,"numero_protocolo":null,"data_apresentacao":"2013-06-17","tipo_apresentacao":"E","data_publicacao":null,"numero_origem_externa":"155","ano_origem_externa":2013,"data_origem_externa":null,"apelido":"","dias_prazo":null,"data_fim_prazo":null,"em_tramitacao":false,"polemica":false,"objeto":"","complementar":false,"ementa":"QUE DETERMINE AO SECRET\u00c1RIO MUNICIPAL DE SA\u00daDE PARA QUE RETORNE O PLANT\u00c3O M\u00c9DICO NOTURNO DO SR. SINVALDO NO DISTRITO DE F\u00c1TIMA DO PONTAL PELO MENOS UMA VEZ POR SEMANA.","indexacao":"QUE DETERMINE AO SECRET\u00c1RIO MUNICIPAL DE SA\u00daDE PARA QUE RETORNE O PLANT\u00c3O M\u00c9DICO NOTURNO DO SR. SINVALDO NO DISTRITO DE F\u00c1TIMA DO PONTAL PELO MENOS UMA VEZ POR SEMANA.","observacao":"","resultado":"","texto_original":"http://sapl.carneirinho.mg.leg.br/media/sapl/public/materialegislativa/2013/3124/3124_texto_integral.xml","data_ultima_atualizacao":"2019-09-11T14:01:11.869048-03:00","ip":"","ultima_edicao":null,"tipo":8,"regime_tramitacao":1,"tipo_origem_externa":8,"local_origem_externa":null,"user":null,"anexadas":[],"autores":[6]}