{"id":3122,"__str__":"Indica\u00e7\u00e3o n\u00ba 36 de 2013","link_detail_backend":"/materia/3122","metadata":{},"numero":36,"ano":2013,"numero_protocolo":null,"data_apresentacao":"2013-06-17","tipo_apresentacao":"E","data_publicacao":null,"numero_origem_externa":"36","ano_origem_externa":2013,"data_origem_externa":null,"apelido":"","dias_prazo":null,"data_fim_prazo":null,"em_tramitacao":false,"polemica":false,"objeto":"","complementar":false,"ementa":"INTERCEDA JUNTO AO \u00d3RG\u00c3O COMPETENTE PARA QUE FA\u00c7A O LEVANTAMENTO E CASCALHAMENTO DA ESTRADA QUE LIGA A COMUNIDADE DE BASE S\u00c3O JO\u00c3O BATISTA AT\u00c9 A DIVISA DO MUNIC\u00cdPIO DE ITURAMA.","indexacao":"INTERCEDA JUNTO AO \u00d3RG\u00c3O COMPETENTE PARA QUE FA\u00c7A O LEVANTAMENTO E CASCALHAMENTO DA ESTRADA QUE LIGA A COMUNIDADE DE BASE S\u00c3O JO\u00c3O BATISTA AT\u00c9 A DIVISA DO MUNIC\u00cdPIO DE ITURAMA.","observacao":"","resultado":"","texto_original":"http://sapl.carneirinho.mg.leg.br/media/sapl/public/materialegislativa/2013/3122/3122_texto_integral.xml","data_ultima_atualizacao":"2019-09-11T14:01:14.945717-03:00","ip":"","ultima_edicao":null,"tipo":8,"regime_tramitacao":1,"tipo_origem_externa":8,"local_origem_externa":null,"user":null,"anexadas":[],"autores":[40]}