{"id":3119,"__str__":"Indica\u00e7\u00e3o n\u00ba 150 de 2013","link_detail_backend":"/materia/3119","metadata":{},"numero":150,"ano":2013,"numero_protocolo":null,"data_apresentacao":"2013-06-17","tipo_apresentacao":"E","data_publicacao":null,"numero_origem_externa":"","ano_origem_externa":null,"data_origem_externa":null,"apelido":"","dias_prazo":null,"data_fim_prazo":null,"em_tramitacao":false,"polemica":false,"objeto":"","complementar":false,"ementa":"QUE INTERCEDE JUNTO AO SETOR COMPETENTE PARA QUE CONSTRUA PASSEIO NA PRA\u00c7A AD\u00c9LIA SOARES VILELA NO JARDIM PRIMAVERA (ATR\u00c1S DO BAR DO DIL) OU QUE INTERDITA AS RUAS PARA QUE AS PESSOAS PRATIQUEM CAMINHADA.","indexacao":" QUE INTERCEDE JUNTO AO SETOR COMPETENTE PARA QUE CONSTRUA PASSEIO NA PRA\u00c7A AD\u00c9LIA SOARES VILELA NO JARDIM PRIMAVERA (ATR\u00c1S DO BAR DO DIL) OU QUE INTERDITA AS RUAS PARA QUE AS PESSOAS PRATIQUEM CAMINHADA.","observacao":"","resultado":"","texto_original":"http://sapl.carneirinho.mg.leg.br/media/sapl/public/materialegislativa/2013/3119/3119_texto_integral.xml","data_ultima_atualizacao":"2019-09-11T14:01:13.298740-03:00","ip":"","ultima_edicao":null,"tipo":8,"regime_tramitacao":1,"tipo_origem_externa":4,"local_origem_externa":null,"user":null,"anexadas":[],"autores":[40]}