{"id":3107,"__str__":"Indica\u00e7\u00e3o n\u00ba 136 de 2013","link_detail_backend":"/materia/3107","metadata":{},"numero":136,"ano":2013,"numero_protocolo":null,"data_apresentacao":"2013-05-29","tipo_apresentacao":"E","data_publicacao":null,"numero_origem_externa":"","ano_origem_externa":null,"data_origem_externa":null,"apelido":"","dias_prazo":null,"data_fim_prazo":null,"em_tramitacao":false,"polemica":false,"objeto":"","complementar":false,"ementa":"CONSTRU\u00c7\u00c3O DE DOIS VESTI\u00c1RIOS NO MINE CAMPO DA ASSOCIA\u00c7\u00c3O ECLESIAL DOS MORADORES E DOS PRODUTORES RURAIS DA COMUNIDADE DE BASE S\u00c3O JO\u00c3O BATISTA - RUIVINHA.","indexacao":"CONSTRU\u00c7\u00c3O DE DOIS VESTI\u00c1RIOS NO MINE CAMPO DA ASSOCIA\u00c7\u00c3O ECLESIAL DOS MORADORES E DOS PRODUTORES RURAIS DA COMUNIDADE DE BASE S\u00c3O JO\u00c3O BATISTA - RUIVINHA.","observacao":"","resultado":"","texto_original":"http://sapl.carneirinho.mg.leg.br/media/sapl/public/materialegislativa/2013/3107/3107_texto_integral.xml","data_ultima_atualizacao":"2019-09-11T14:01:14.010658-03:00","ip":"","ultima_edicao":null,"tipo":8,"regime_tramitacao":1,"tipo_origem_externa":null,"local_origem_externa":null,"user":null,"anexadas":[],"autores":[40]}