{"id":3094,"__str__":"Indica\u00e7\u00e3o n\u00ba 134 de 2013","link_detail_backend":"/materia/3094","metadata":{},"numero":134,"ano":2013,"numero_protocolo":null,"data_apresentacao":"2013-05-29","tipo_apresentacao":"E","data_publicacao":null,"numero_origem_externa":"","ano_origem_externa":null,"data_origem_externa":null,"apelido":"","dias_prazo":null,"data_fim_prazo":null,"em_tramitacao":false,"polemica":false,"objeto":"","complementar":false,"ementa":"A CONTRATA\u00c7\u00c3O DE EMPRESA CREDENCIADA JUNTO A CEMIG PARA FAZER UM LEVANTAMENTO DA NECESSIDADE DE AMPLIA\u00c7\u00c3O DE REDES EL\u00c9TRICAS, MUDAN\u00c7AS DE POSTES DE ILUMINA\u00c7\u00c3O E SUBSTITUI\u00c7\u00d5ES DE L\u00c2MPADAS QUEIMADAS NOS DISTRITOS E VILAS DESTE MUNIC\u00cdPIO.","indexacao":"CONTRATA\u00c7\u00c3O, EMPRESA CREDENCIADA JUNTO A CEMIG PARA FAZER UM LEVANTAMENTO DA NECESSIDADE DE AMPLIA\u00c7\u00c3O DE REDES EL\u00c9TRICAS, MUDAN\u00c7AS DE POSTES DE ILUMINA\u00c7\u00c3O E SUBSTITUI\u00c7\u00d5ES DE L\u00c2MPADAS QUEIMADAS NOS DISTRITOS E VILAS DESTE MUNIC\u00cdPIO.","observacao":"","resultado":"","texto_original":"http://sapl.carneirinho.mg.leg.br/media/sapl/public/materialegislativa/2013/3094/3094_texto_integral.xml","data_ultima_atualizacao":"2019-09-11T14:01:10.751351-03:00","ip":"","ultima_edicao":null,"tipo":8,"regime_tramitacao":1,"tipo_origem_externa":null,"local_origem_externa":null,"user":null,"anexadas":[],"autores":[3]}