{"id":2999,"__str__":"Indica\u00e7\u00e3o n\u00ba 65 de 2013","link_detail_backend":"/materia/2999","metadata":{},"numero":65,"ano":2013,"numero_protocolo":null,"data_apresentacao":"2013-03-27","tipo_apresentacao":"E","data_publicacao":null,"numero_origem_externa":"65","ano_origem_externa":2013,"data_origem_externa":null,"apelido":"","dias_prazo":null,"data_fim_prazo":null,"em_tramitacao":false,"polemica":false,"objeto":"","complementar":true,"ementa":"PRIORIDADE PARA AS PESSOAS RESIDENTE NO MUNIC\u00cdPIO DE CARNEIRINHO MONTAREM SUAS BARRACAS RECINTO DE EXPOSI\u00c7\u00c3O IZA\u00da VILELA MACHADO, DURANTE A REALIZA\u00c7\u00c3O DAS FESTIVIDADES DE COMEMORA\u00c7\u00c3O DE ANIVERS\u00c1RIO DE EMANCIPA\u00c7\u00c3O POL\u00cdTICA ADMINISTRATIVA DE CARNEIRINHO.","indexacao":"PRIORIDADE, PESSOAS, RESIDENTE, MUNIC\u00cdPIO, MONTAREM, BARRACAS, FESTIVIDADES","observacao":"","resultado":"","texto_original":"http://sapl.carneirinho.mg.leg.br/media/sapl/public/materialegislativa/2013/2999/2999_texto_integral.xml","data_ultima_atualizacao":"2019-09-11T14:01:12.570773-03:00","ip":"","ultima_edicao":null,"tipo":8,"regime_tramitacao":1,"tipo_origem_externa":8,"local_origem_externa":null,"user":null,"anexadas":[],"autores":[40]}