{"id":2932,"__str__":"Indica\u00e7\u00e3o n\u00ba 22 de 2013","link_detail_backend":"/materia/2932","metadata":{},"numero":22,"ano":2013,"numero_protocolo":null,"data_apresentacao":"2013-02-18","tipo_apresentacao":"E","data_publicacao":null,"numero_origem_externa":"22","ano_origem_externa":2013,"data_origem_externa":null,"apelido":"","dias_prazo":null,"data_fim_prazo":null,"em_tramitacao":true,"polemica":false,"objeto":"","complementar":false,"ementa":"A AQUISI\u00c7\u00c3O DE MATERIAL DE CONSUMO UTILIZADO NA CRECHE, SUBPREFEITURA, POSTO DE SA\u00daDE NO COM\u00c9RCIO DE S\u00c3O SEBASTI\u00c3O.","indexacao":"AQUISI\u00c7\u00c3O, MATERIAL DE CONSUMO, CRECHE, SUBPREFEITURA, POSTO DE SA\u00daDE.","observacao":"","resultado":"","texto_original":"http://sapl.carneirinho.mg.leg.br/media/sapl/public/materialegislativa/2013/2932/2932_texto_integral.xml","data_ultima_atualizacao":"2019-09-11T14:01:09.725613-03:00","ip":"","ultima_edicao":null,"tipo":8,"regime_tramitacao":1,"tipo_origem_externa":8,"local_origem_externa":null,"user":null,"anexadas":[],"autores":[28]}