{"id":2924,"__str__":"Indica\u00e7\u00e3o n\u00ba 33 de 2013","link_detail_backend":"/materia/2924","metadata":{},"numero":33,"ano":2013,"numero_protocolo":null,"data_apresentacao":"2013-02-18","tipo_apresentacao":"E","data_publicacao":null,"numero_origem_externa":"33","ano_origem_externa":2013,"data_origem_externa":null,"apelido":"","dias_prazo":null,"data_fim_prazo":null,"em_tramitacao":false,"polemica":false,"objeto":"","complementar":false,"ementa":"REFORMA E AMPLIA\u00c7\u00c3O DO PR\u00c9DIO QUE FICA FUNCIONA O POSTO DE SA\u00daDE DE VILA BARBOSA DO PARANA\u00cdBA E GRACIL\u00c2NDIA.","indexacao":"REFORMA, AMPLIA\u00c7\u00c3O, PR\u00c9DIO, POSTO DE SA\u00daDE, VILA BARBOSA DO PARANA\u00cdBA E GRACIL\u00c2NDIA.","observacao":"","resultado":"","texto_original":"http://sapl.carneirinho.mg.leg.br/media/sapl/public/materialegislativa/2013/2924/2924_texto_integral.xml","data_ultima_atualizacao":"2019-09-11T14:01:10.265126-03:00","ip":"","ultima_edicao":null,"tipo":8,"regime_tramitacao":1,"tipo_origem_externa":8,"local_origem_externa":null,"user":null,"anexadas":[],"autores":[64]}