{"id":2769,"__str__":"Indica\u00e7\u00e3o n\u00ba 81 de 2012","link_detail_backend":"/materia/2769","metadata":{},"numero":81,"ano":2012,"numero_protocolo":null,"data_apresentacao":"2012-06-04","tipo_apresentacao":"E","data_publicacao":null,"numero_origem_externa":"","ano_origem_externa":null,"data_origem_externa":null,"apelido":"","dias_prazo":null,"data_fim_prazo":null,"em_tramitacao":false,"polemica":false,"objeto":"","complementar":false,"ementa":"QUE N\u00c3O FA\u00c7A A VENDA DO CAMINH\u00c3O QUE ERA UTILIZADO RECOLHIMENTO DE LIXO, O CAMINH\u00c3O F-4000 QUE TRANSPORTAVA MUDAN\u00c7A E O TRATOR FORD COM LAMINA NA FRENTE UTILIZADO EM LIMPEZAS EM GERAL.","indexacao":"QUE N\u00c3O FA\u00c7A A VENDA DO CAMINH\u00c3O QUE ERA UTILIZADO RECOLHIMENTO DE LIXO, O CAMINH\u00c3O F-4000 QUE TRANSPORTAVA MUDAN\u00c7A E O TRATOR FORD COM LAMINA NA FRENTE UTILIZADO EM LIMPEZAS EM GERAL.","observacao":"","resultado":"","texto_original":"http://sapl.carneirinho.mg.leg.br/media/sapl/public/materialegislativa/2012/2769/2769_texto_integral.xml","data_ultima_atualizacao":"2019-09-11T14:01:09.885922-03:00","ip":"","ultima_edicao":null,"tipo":8,"regime_tramitacao":1,"tipo_origem_externa":null,"local_origem_externa":null,"user":null,"anexadas":[],"autores":[10]}