{"id":2718,"__str__":"Projeto de Resolu\u00e7\u00e3o n\u00ba 1 de 2012","link_detail_backend":"/materia/2718","metadata":{},"numero":1,"ano":2012,"numero_protocolo":null,"data_apresentacao":"2012-04-16","tipo_apresentacao":"","data_publicacao":null,"numero_origem_externa":"","ano_origem_externa":null,"data_origem_externa":null,"apelido":"","dias_prazo":null,"data_fim_prazo":null,"em_tramitacao":false,"polemica":false,"objeto":"","complementar":false,"ementa":"Disp\u00f5e sobre a participa\u00e7\u00e3o de vereadores no curso de orat\u00f3ria para profissionais, nos dias 18 e 19 de Abril de 2012, em Uberl\u00e2ndia, Minas Gerais.","indexacao":"Curso, Orat\u00f3ria, Uberl\u00e2ndia, Vereadores","observacao":"","resultado":"","texto_original":"http://sapl.carneirinho.mg.leg.br/media/sapl/public/materialegislativa/2012/2718/2718_texto_integral.doc","data_ultima_atualizacao":"2019-09-11T14:01:14.898721-03:00","ip":"","ultima_edicao":null,"tipo":2,"regime_tramitacao":1,"tipo_origem_externa":null,"local_origem_externa":null,"user":null,"anexadas":[],"autores":[9]}