{"id":2596,"__str__":"Requerimento n\u00ba 1 de 2012","link_detail_backend":"/materia/2596","metadata":{},"numero":1,"ano":2012,"numero_protocolo":null,"data_apresentacao":"2012-02-03","tipo_apresentacao":"E","data_publicacao":null,"numero_origem_externa":"","ano_origem_externa":null,"data_origem_externa":null,"apelido":"","dias_prazo":null,"data_fim_prazo":null,"em_tramitacao":false,"polemica":false,"objeto":"","complementar":false,"ementa":"ATRAV\u00c9S DA SECRETARIA MUNICIPAL DE SA\u00daDE A C\u00d3PIA DO RELAT\u00d3RIO CONCLUSIVO DA INSPE\u00c7\u00c3O EMITIDO PELOS AUDITORES DA SECRETARIA ESTADUAL DE SA\u00daDE A RESPEITO DA UTILIZA\u00c7\u00c3O DAS VERBAS DO SISTEMA \u00daNICO DE SA\u00daDE - SUS REALIZADA EM 2011.","indexacao":"ATRAV\u00c9S DA SECRETARIA MUNICIPAL DE SA\u00daDE A C\u00d3PIA DO RELAT\u00d3RIO CONCLUSIVO DA INSPE\u00c7\u00c3O EMITIDO PELOS AUDITORES DA SECRETARIA ESTADUAL DE SA\u00daDE A RESPEITO DA UTILIZA\u00c7\u00c3O DAS VERBAS DO SISTEMA \u00daNICO DE SA\u00daDE - SUS REALIZADA EM 2011.","observacao":"","resultado":"","texto_original":"http://sapl.carneirinho.mg.leg.br/media/sapl/public/materialegislativa/2012/2596/2596_texto_integral.xml","data_ultima_atualizacao":"2019-09-11T14:01:13.521931-03:00","ip":"","ultima_edicao":null,"tipo":3,"regime_tramitacao":1,"tipo_origem_externa":null,"local_origem_externa":null,"user":null,"anexadas":[],"autores":[3]}