{"id":2024,"__str__":"Requerimento n\u00ba 64 de 2010","link_detail_backend":"/materia/2024","metadata":{},"numero":64,"ano":2010,"numero_protocolo":null,"data_apresentacao":"2010-09-03","tipo_apresentacao":"E","data_publicacao":null,"numero_origem_externa":"","ano_origem_externa":null,"data_origem_externa":null,"apelido":"","dias_prazo":null,"data_fim_prazo":null,"em_tramitacao":true,"polemica":false,"objeto":"","complementar":false,"ementa":"O VEREADOR QUE ESTE SUBSCREVE, OUVIDO O PLEN\u00c1RIO, REQUER QUE SEJA FEITO UM MINUTO DE SIL\u00caNCIO NA 13\u00aa. (D\u00c9CIMA TERCEIRA) REUNI\u00c3O ORDIN\u00c1RIA DA C\u00c2MARA MUNICIPAL DE CARNEIRINHO, QUE SER\u00c1 REALIZADA DIA 13 DE SETEMBRO DE 2010, PELO FALECIMENTO DO SR.ALFREU JOS\u00c9 DE OLIVEIRA, OCORRIDO DIA 29 / 08/ 2010, NESTA CIDADE.","indexacao":"FALECIMENTO, SR.ALFREU JOS\u00c9 DE OLIVEIRA, OCORRIDO DIA 29 / 08/ 2010, NESTA CIDADE.","observacao":"","resultado":"","texto_original":"http://sapl.carneirinho.mg.leg.br/media/sapl/public/materialegislativa/2010/2024/2024_texto_integral.xml","data_ultima_atualizacao":"2019-09-11T14:01:09.389809-03:00","ip":"","ultima_edicao":null,"tipo":3,"regime_tramitacao":1,"tipo_origem_externa":null,"local_origem_externa":null,"user":null,"anexadas":[],"autores":[3]}