{"id":1913,"__str__":"Indica\u00e7\u00e3o n\u00ba 63 de 2010","link_detail_backend":"/materia/1913","metadata":{},"numero":63,"ano":2010,"numero_protocolo":null,"data_apresentacao":"2010-05-03","tipo_apresentacao":"E","data_publicacao":null,"numero_origem_externa":"","ano_origem_externa":null,"data_origem_externa":null,"apelido":"","dias_prazo":null,"data_fim_prazo":null,"em_tramitacao":true,"polemica":false,"objeto":"","complementar":false,"ementa":"PARA QUE ELABORE UM PROJETO PARA PLEITEAR VERBAS JUNTO AO MINIST\u00c9RIO DO TURISMO PARA A REALIZA\u00c7\u00c3O DA FESTA DO PE\u00c3O DO DISTRITO DE S\u00c3O SEBASTI\u00c3O DO PONTAL O MAIS R\u00c1PIDO POSSIVEL, NO VALOR DE R$100.000,00 (CEM MIL REAIS).","indexacao":"PROJETO, VERBAS, MINIST\u00c9RIO DO TURISMO, FESTA DO PE\u00c3O, S\u00c3O SEBASTI\u00c3O DO PONTAL, NO VALOR DE R$100.000,00 (CEM MIL REAIS).","observacao":"","resultado":"","texto_original":"http://sapl.carneirinho.mg.leg.br/media/sapl/public/materialegislativa/2010/1913/1913_texto_integral.xml","data_ultima_atualizacao":"2019-09-11T14:01:12.798229-03:00","ip":"","ultima_edicao":null,"tipo":8,"regime_tramitacao":1,"tipo_origem_externa":null,"local_origem_externa":null,"user":null,"anexadas":[],"autores":[36]}