{"id":1674,"__str__":"Indica\u00e7\u00e3o n\u00ba 188 de 2009","link_detail_backend":"/materia/1674","metadata":{},"numero":188,"ano":2009,"numero_protocolo":null,"data_apresentacao":"2009-09-28","tipo_apresentacao":"E","data_publicacao":null,"numero_origem_externa":"","ano_origem_externa":null,"data_origem_externa":null,"apelido":"","dias_prazo":null,"data_fim_prazo":null,"em_tramitacao":true,"polemica":false,"objeto":"","complementar":false,"ementa":"O VEREADOR QUE ESTA SUBSCREVE, OUVIDO O PLEN\u00c1RIO, APRESENTA A VOSSA EXCEL\u00caNCIA A PRESENTE INDICA\u00c7\u00c3O NO SENTIDO DE SOLICITAR A SENHORA PREFEITA MUNICIPAL, QUE REVINDIQUE RECURSOS FINANCEIROS, JUNTO AO GOVERNO FEDERAL OU ESTADUAL, PARA REFORMAR O PR\u00c9DIO DO AMBULAT\u00d3RIO VICENTE SEVERINO SOCORRO NA SEDE DO MUNIC\u00cdPIO.","indexacao":"QUE REVINDIQUE RECURSOS FINANCEIROS, JUNTO AO GOVERNO FEDERAL OU ESTADUAL, PARA REFORMAR O PR\u00c9DIO DO AMBULAT\u00d3RIO VICENTE SEVERINO SOCORRO NA SEDE DO MUNIC\u00cdPIO.","observacao":"","resultado":"","texto_original":"http://sapl.carneirinho.mg.leg.br/media/sapl/public/materialegislativa/2009/1674/1674_texto_integral.xml","data_ultima_atualizacao":"2019-09-11T14:01:15.554797-03:00","ip":"","ultima_edicao":null,"tipo":8,"regime_tramitacao":1,"tipo_origem_externa":null,"local_origem_externa":null,"user":null,"anexadas":[],"autores":[9]}