{"id":1604,"__str__":"Requerimento ao plen\u00e1rio n\u00ba 28 de 2009","link_detail_backend":"/materia/1604","metadata":{},"numero":28,"ano":2009,"numero_protocolo":null,"data_apresentacao":"2009-08-05","tipo_apresentacao":"E","data_publicacao":null,"numero_origem_externa":"","ano_origem_externa":null,"data_origem_externa":null,"apelido":"","dias_prazo":null,"data_fim_prazo":null,"em_tramitacao":false,"polemica":false,"objeto":"","complementar":false,"ementa":"REQUER A VOSSA EXCEL\u00caNCIA  SOLICITAR A PREFEITA MUNICIPAL  QUE VIABILIZE A ILUMINA\u00c7\u00c3O DO MINE-CAMPO DA COMUNIDADE S\u00c3O JO\u00c3O BATISTA-RUIVINHA, BEM COMO A CONSTRU\u00c7\u00c3O DE VESTI\u00c1RIO..","indexacao":"REQUER A VOSSA EXCEL\u00caNCIA  SOLICITAR A PREFEITA MUNICIPAL  QUE VIABILIZE A ILUMINA\u00c7\u00c3O DO MINE-CAMPO DA COMUNIDADE S\u00c3O JO\u00c3O BATISTA-RUIVINHA, BEM COMO A CONSTRU\u00c7\u00c3O DE VESTI\u00c1RIO.","observacao":"","resultado":"","texto_original":null,"data_ultima_atualizacao":"2019-09-11T14:00:18.941412-03:00","ip":"","ultima_edicao":null,"tipo":14,"regime_tramitacao":1,"tipo_origem_externa":null,"local_origem_externa":null,"user":null,"anexadas":[],"autores":[40]}