{"id":1566,"__str__":"Requerimento ao plen\u00e1rio n\u00ba 24 de 2009","link_detail_backend":"/materia/1566","metadata":{},"numero":24,"ano":2009,"numero_protocolo":null,"data_apresentacao":"2009-06-01","tipo_apresentacao":"E","data_publicacao":null,"numero_origem_externa":"","ano_origem_externa":null,"data_origem_externa":null,"apelido":"","dias_prazo":null,"data_fim_prazo":null,"em_tramitacao":true,"polemica":false,"objeto":"","complementar":false,"ementa":"REQUER QUE SEJA FEITO UM MINUTO DE SIL\u00caNCIO NA 9\u00aa. (NONA) REUNI\u00c3O ORDIN\u00c1RIA DA C\u00c2MARA MUNICIPAL DE CARNEIRINHO, QUE REALIZAR\u00c1 NESTA DATA, PELO FALECIMENTO DO SENHOR JER\u00d4NIMO PAULINO DE OLIVEIRA, OCORRIDO DIA 31/05/2009, NA CIDADE DE ITURAMA - MG.","indexacao":"REQUER QUE SEJA FEITO UM MINUTO DE SIL\u00caNCIO NA 9\u00aa. (NONA) REUNI\u00c3O ORDIN\u00c1RIA DA C\u00c2MARA MUNICIPAL DE CARNEIRINHO, QUE REALIZAR\u00c1 NESTA DATA, PELO FALECIMENTO DO SENHOR JER\u00d4NIMO PAULINO DE OLIVEIRA, OCORRIDO DIA 31/05/2009, NA CIDADE DE ITURAMA - MG.","observacao":"","resultado":"","texto_original":null,"data_ultima_atualizacao":"2019-09-11T14:00:18.936228-03:00","ip":"","ultima_edicao":null,"tipo":14,"regime_tramitacao":1,"tipo_origem_externa":null,"local_origem_externa":null,"user":null,"anexadas":[],"autores":[7]}