{"id":1260,"__str__":"Projeto de Lei Ordin\u00e1ria n\u00ba 14 de 2008","link_detail_backend":"/materia/1260","metadata":{},"numero":14,"ano":2008,"numero_protocolo":null,"data_apresentacao":"2008-05-16","tipo_apresentacao":"E","data_publicacao":null,"numero_origem_externa":"","ano_origem_externa":null,"data_origem_externa":null,"apelido":"","dias_prazo":null,"data_fim_prazo":null,"em_tramitacao":true,"polemica":false,"objeto":"","complementar":false,"ementa":"D\u00c1 DENOMINA\u00c7\u00c3O DE RUA ALBERTO ELIAS GON\u00c7ALVES,  \u00c0 RUA PARA\u00cdBA NA SEDE DO MUNIC\u00cdPIO DE CARNEIRINHO.\r\n\r\n","indexacao":"D\u00c1 DENOMINA\u00c7\u00c3O DE RUA ALBERTO ELIAS GON\u00c7ALVES,  \u00c0 RUA PARA\u00cdBA NA SEDE DO MUNIC\u00cdPIO DE CARNEIRINHO.\r\n\r\n","observacao":"","resultado":"","texto_original":"http://sapl.carneirinho.mg.leg.br/media/sapl/public/materialegislativa/2008/1260/1260_texto_integral.doc","data_ultima_atualizacao":"2019-09-11T14:01:11.137272-03:00","ip":"","ultima_edicao":null,"tipo":1,"regime_tramitacao":1,"tipo_origem_externa":null,"local_origem_externa":null,"user":null,"anexadas":[],"autores":[5]}