{"id":1088,"__str__":"Mo\u00e7\u00e3o n\u00ba 36 de 2003","link_detail_backend":"/materia/1088","metadata":{},"numero":36,"ano":2003,"numero_protocolo":null,"data_apresentacao":"2003-05-28","tipo_apresentacao":"E","data_publicacao":null,"numero_origem_externa":"","ano_origem_externa":null,"data_origem_externa":null,"apelido":"","dias_prazo":null,"data_fim_prazo":null,"em_tramitacao":false,"polemica":false,"objeto":"","complementar":false,"ementa":"\u201cMO\u00c7\u00c3O DE APLAUSO\u201d AO SENHOR L\u00c1ZARO ROSA DA SILVA, PRESIDENTE DA ASSOCIA\u00c7\u00c3O NOSSA SENHORA APARECIDA DOS PRODUTORES RURAIS DO C\u00d3RREGO DA FORMIGA, PELO  TRABALHO DESENVOLVIDO A FRENTE DA ASSOCIA\u00c7\u00c3O NO BI\u00caNIO DE 2001 A 2003 E PELO  TRABALHO DE CONSCIENTIZA\u00c7\u00c3O DA IMPORT\u00c2NCIA DO SETOR RURAL E PELA INTEGRA\u00c7\u00c3O DE SEUS ASSOCIADOS NA POL\u00cdTICA RURAL DE NOSSO MUNIC\u00cdPIO, BUSCANDO ATRAV\u00c9S DA EMATER E DO DEPARTAMENTO DE DESENVOLVIMENTO DA PREFEITURA MUNICIPAL INCENTIVOS E CONHECIMENTOS T\u00c9CNICOS AOS PRODUTORES ASSOCIADOS.","indexacao":"\u201cMO\u00c7\u00c3O DE APLAUSO\u201d AO SENHOR L\u00c1ZARO ROSA DA SILVA, PRESIDENTE DA ASSOCIA\u00c7\u00c3O NOSSA SENHORA APARECIDA DOS PRODUTORES RURAIS DO C\u00d3RREGO DA FORMIGA, PELO  TRABALHO DESENVOLVIDO A FRENTE DA ASSOCIA\u00c7\u00c3O NO BI\u00caNIO DE 2001 A 2003 E PELO  TRABALHO DE CONSCIENTIZA\u00c7\u00c3O DA IMPORT\u00c2NCIA DO SETOR RURAL E PELA INTEGRA\u00c7\u00c3O DE SEUS ASSOCIADOS NA POL\u00cdTICA RURAL DE NOSSO MUNIC\u00cdPIO, BUSCANDO ATRAV\u00c9S DA EMATER E DO DEPARTAMENTO DE DESENVOLVIMENTO DA PREFEITURA MUNICIPAL INCENTIVOS E CONHECIMENTOS T\u00c9CNICOS AOS PRODUTORES ASSOCIADOS.","observacao":"","resultado":"","texto_original":"http://sapl.carneirinho.mg.leg.br/media/sapl/public/materialegislativa/2003/1088/1088_texto_integral.doc","data_ultima_atualizacao":"2019-09-11T14:01:12.160199-03:00","ip":"","ultima_edicao":null,"tipo":7,"regime_tramitacao":1,"tipo_origem_externa":null,"local_origem_externa":null,"user":null,"anexadas":[],"autores":[3]}