{"id":1012,"__str__":"Indica\u00e7\u00e3o n\u00ba 115 de 2007","link_detail_backend":"/materia/1012","metadata":{},"numero":115,"ano":2007,"numero_protocolo":null,"data_apresentacao":"2007-12-11","tipo_apresentacao":"E","data_publicacao":null,"numero_origem_externa":"","ano_origem_externa":null,"data_origem_externa":null,"apelido":"","dias_prazo":null,"data_fim_prazo":null,"em_tramitacao":true,"polemica":false,"objeto":"","complementar":false,"ementa":"A LOCA\u00c7\u00c3O OU AQUISI\u00c7\u00c3O DE UM IM\u00d3VEL PARA O FUNCIONAMENTO DA APAE \u2013 ASSOCIA\u00c7\u00c3O DOS PAIS E AMIGOS DOS EXCEPCIONAIS, PARA QUE A PARTIR DE FEVEREIRO ESTEJA EM PLENO FUNCIONAMENTO.","indexacao":"A LOCA\u00c7\u00c3O OU AQUISI\u00c7\u00c3O DE UM IM\u00d3VEL PARA O FUNCIONAMENTO DA APAE \u2013 ASSOCIA\u00c7\u00c3O DOS PAIS E AMIGOS DOS EXCEPCIONAIS, PARA QUE A PARTIR DE FEVEREIRO ESTEJA EM PLENO FUNCIONAMENTO.","observacao":"","resultado":"","texto_original":"http://sapl.carneirinho.mg.leg.br/media/sapl/public/materialegislativa/2007/1012/1012_texto_integral.doc","data_ultima_atualizacao":"2019-09-11T14:01:11.452218-03:00","ip":"","ultima_edicao":null,"tipo":8,"regime_tramitacao":1,"tipo_origem_externa":null,"local_origem_externa":null,"user":null,"anexadas":[],"autores":[3]}