{"id":25,"__str__":"Parecer - parecer CFO de 16/09/2019 por ERNESTO CARNEIRO LE\u00c3O NEVES VILELA","link_detail_backend":"/materia/documentoacessorio/25","metadata":{},"nome":"parecer CFO","data":"2019-09-16","autor":"ERNESTO CARNEIRO LE\u00c3O NEVES VILELA","ementa":"CONCLUIU: que trata de projeto legal e constitucional  E QUANTO AO M\u00c9RITO DECIDIU: pela aprova\u00e7\u00e3o do projeto como encontra-se redigido.\r\n\r\npara a Reda\u00e7\u00e3o Final: Deu forma a mat\u00e9ria aprovada segundo a t\u00e9cnica legislativa.","indexacao":"","arquivo":"http://sapl.carneirinho.mg.leg.br/media/sapl/public/documentoacessorio/2019/25/parecer_cfo_pl51.19_08102019.pdf","data_ultima_atualizacao":"2019-10-08T14:55:00.973522-03:00","materia":4983,"tipo":1}