{"id":23,"__str__":"Parecer - parecer CFO de 07/10/2019 por ERNESTO CARNEIRO LE\u00c3O NEVES VILELA","link_detail_backend":"/materia/documentoacessorio/23","metadata":{},"nome":"parecer CFO","data":"2019-10-07","autor":"ERNESTO CARNEIRO LE\u00c3O NEVES VILELA","ementa":"pela aprova\u00e7\u00e3o do projeto como encontra-se redigido.","indexacao":"","arquivo":"http://sapl.carneirinho.mg.leg.br/media/sapl/public/documentoacessorio/2019/23/parecer_cfo_52.1908102019.pdf","data_ultima_atualizacao":"2019-10-08T15:16:56.399062-03:00","materia":4980,"tipo":1}